{"id":451,"date":"2020-09-27T13:57:49","date_gmt":"2020-09-27T13:57:49","guid":{"rendered":"http:\/\/rogalalegal.com\/?p=451"},"modified":"2020-09-27T13:57:49","modified_gmt":"2020-09-27T13:57:49","slug":"grupa-ze-pak-rezygnuje-z-odkrywki-oscislowo","status":"publish","type":"post","link":"https:\/\/rogalalegal.com\/?p=451&lang=pl","title":{"rendered":"Grupa ZE PAK rezygnuje z odkrywki O\u015bcis\u0142owo"},"content":{"rendered":"<p>Z Raportu bie\u017c\u0105cego nr 45\/2020 <em>Informacja o zamiarze uj\u0119cia w sprawozdaniach finansowych za pierwsze p\u00f3\u0142rocze 2020 roku odpis\u00f3w aktualizuj\u0105cych warto\u015b\u0107 aktyw\u00f3w oraz ich szacunkowym wp\u0142ywie na wyniki finansowe <\/em>Zespo\u0142u Elektrowni P\u0105tn\u00f3w-Adam\u00f3w-Konin S.A. wynika, \u017ce koncern ten rezygnuje z plan\u00f3w budowy odkrywki w\u0119gla brunatnego O\u015bcis\u0142owo.<\/p>\n<p>ZE PAK stara\u0142 si\u0119 uzyska\u0107 decyzj\u0119 o \u015brodowiskowych uwarunkowaniach od 2013 roku. W roku 2017 Regionalny Dyrektor Ochrony \u015arodowiska w Poznaniu wyda\u0142 decyzj\u0119 odmown\u0105. Nast\u0119pnie sprawa zosta\u0142a przekazana do Generalnego Dyrektora Ochrony \u015arodowiska.<\/p>\n<p>To sukces organizacji pozarz\u0105dowych i spo\u0142eczno\u015bci lokalnej przeciwnej realizacji przedsi\u0119wzi\u0119cia szkodliwego dla \u015brodowiska.<\/p>\n<p>\u0179r\u00f3d\u0142o:<\/p>\n<p><a href=\"https:\/\/www.cire.pl\/item,204785,1,0,0,0,0,0,ze-pak-rezygnuje-z-planow-eksploatacji-odkrywki-oscislowo.html\">https:\/\/www.cire.pl\/item,204785,1,0,0,0,0,0,ze-pak-rezygnuje-z-planow-eksploatacji-odkrywki-oscislowo.html<\/a><\/p>\n<p><a href=\"https:\/\/ri.zepak.com.pl\/pl\/raporty\/raporty-biezace\/1465-informacja-o-zamiarze-ujecia-w-sprawozdaniach-finansowych-za-pierwsze-polrocze-2020-roku-odpisow-aktualizujacych-wartosc-aktywow-oraz-ich-szacunkowym-wplywie-na-wyniki-finansowe.html\">https:\/\/ri.zepak.com.pl\/pl\/raporty\/raporty-biezace\/1465-informacja-o-zamiarze-ujecia-w-sprawozdaniach-finansowych-za-pierwsze-polrocze-2020-roku-odpisow-aktualizujacych-wartosc-aktywow-oraz-ich-szacunkowym-wplywie-na-wyniki-finansowe.html<\/a><\/p>\n","protected":false},"excerpt":{"rendered":"<p>Z Raportu bie\u017c\u0105cego nr 45\/2020 Informacja o zamiarze uj\u0119cia w sprawozdaniach finansowych za pierwsze p\u00f3\u0142rocze 2020 roku odpis\u00f3w aktualizuj\u0105cych warto\u015b\u0107 aktyw\u00f3w oraz ich szacunkowym wp\u0142ywie na wyniki finansowe Zespo\u0142u Elektrowni P\u0105tn\u00f3w-Adam\u00f3w-Konin S.A. wynika, \u017ce koncern ten rezygnuje z plan\u00f3w budowy odkrywki w\u0119gla brunatnego O\u015bcis\u0142owo. ZE PAK stara\u0142 si\u0119 uzyska\u0107 decyzj\u0119 o \u015brodowiskowych uwarunkowaniach od 2013 [&hellip;]<\/p>\n","protected":false},"author":1,"featured_media":0,"comment_status":"closed","ping_status":"open","sticky":false,"template":"","format":"standard","meta":[],"categories":[1],"tags":[],"_links":{"self":[{"href":"https:\/\/rogalalegal.com\/index.php?rest_route=\/wp\/v2\/posts\/451"}],"collection":[{"href":"https:\/\/rogalalegal.com\/index.php?rest_route=\/wp\/v2\/posts"}],"about":[{"href":"https:\/\/rogalalegal.com\/index.php?rest_route=\/wp\/v2\/types\/post"}],"author":[{"embeddable":true,"href":"https:\/\/rogalalegal.com\/index.php?rest_route=\/wp\/v2\/users\/1"}],"replies":[{"embeddable":true,"href":"https:\/\/rogalalegal.com\/index.php?rest_route=%2Fwp%2Fv2%2Fcomments&post=451"}],"version-history":[{"count":1,"href":"https:\/\/rogalalegal.com\/index.php?rest_route=\/wp\/v2\/posts\/451\/revisions"}],"predecessor-version":[{"id":452,"href":"https:\/\/rogalalegal.com\/index.php?rest_route=\/wp\/v2\/posts\/451\/revisions\/452"}],"wp:attachment":[{"href":"https:\/\/rogalalegal.com\/index.php?rest_route=%2Fwp%2Fv2%2Fmedia&parent=451"}],"wp:term":[{"taxonomy":"category","embeddable":true,"href":"https:\/\/rogalalegal.com\/index.php?rest_route=%2Fwp%2Fv2%2Fcategories&post=451"},{"taxonomy":"post_tag","embeddable":true,"href":"https:\/\/rogalalegal.com\/index.php?rest_route=%2Fwp%2Fv2%2Ftags&post=451"}],"curies":[{"name":"wp","href":"https:\/\/api.w.org\/{rel}","templated":true}]}}